{"id":216688,"date":"2021-02-23T09:09:00","date_gmt":"2021-02-23T14:09:00","guid":{"rendered":"https:\/\/agronosotros.com\/?p=216688"},"modified":"2021-11-12T09:02:45","modified_gmt":"2021-11-12T14:02:45","slug":"in-the-news-check-out-mahogany-chocolate-on-tv","status":"publish","type":"post","link":"https:\/\/agronosotros.com\/es\/in-the-news-check-out-mahogany-chocolate-on-tv\/","title":{"rendered":"\u00a1En las noticias! Echa un vistazo al chocolate caoba en la televisi\u00f3n"},"content":{"rendered":"<p>La semana pasada fue una semana ocupada y satisfactoria para nuestro equipo de chocolate de caoba en Belice.<\/p>\n\n\n\n<p>El jueves, realizamos un lanzamiento de producto en nuestra f\u00e1brica en Punta Gorda, donde presentamos el empaque nuevo y mejorado y la gama ampliada de barras de chocolate belice\u00f1as. Y presentamos Chocol&#039;ha, nuestra bebida de chocolate caliente en polvo, al mercado.<\/p>\n\n\n\n<p>Limitados en n\u00famero debido a las restricciones de Covid, nos aseguramos de que asistieran las personas adecuadas. Uno de ellos fue Cherisse Halsall de Channel 7 News.<\/p>\n\n\n\n<p>Cherisse no ten\u00eda miedo de ensuciarse las manos y se divirti\u00f3 mucho mientras la llev\u00e1bamos a trav\u00e9s de todo el proceso de elaboraci\u00f3n del chocolate, culminando con ella y otra reportera compitiendo en una competencia de envoltura de barras de chocolate.<\/p>\n\n\n\n<p>Ella entrevist\u00f3 a Armando Choco, nuestro Chocolatero Ejecutivo, y estaba muy emocionada con el gran pedido que nuestro equipo estaba preparando para enviar a los EE. UU.<\/p>\n\n\n\n<p>Nos complace compartir los dos segmentos que aparecieron en la televisi\u00f3n local para que pueda ver el evento, el nuevo empaque, las entrevistas con Armando y las barras que se env\u00edan.<\/p>\n\n\n\n<div class=\"wp-block-group\"><div class=\"wp-block-group__inner-container is-layout-flow wp-block-group-is-layout-flow\">\n<div class=\"wp-block-columns is-layout-flex wp-container-core-columns-is-layout-9d6595d7 wp-block-columns-is-layout-flex\">\n<div class=\"wp-block-column is-layout-flow wp-block-column-is-layout-flow\">\n<figure class=\"wp-block-embed is-type-video is-provider-youtube wp-block-embed-youtube wp-embed-aspect-16-9 wp-has-aspect-ratio\"><div class=\"wp-block-embed__wrapper\">\n<iframe loading=\"lazy\" title=\"F\u00c1BRICA DE CHOCOLATE DE CAOBA\" width=\"500\" height=\"281\" src=\"https:\/\/www.youtube.com\/embed\/fQRMTa46wX0?feature=oembed\" frameborder=\"0\" allow=\"accelerometer; autoplay; clipboard-write; encrypted-media; gyroscope; picture-in-picture; web-share\" referrerpolicy=\"strict-origin-when-cross-origin\" allowfullscreen><\/iframe>\n<\/div><\/figure>\n<\/div>\n\n\n\n<div class=\"wp-block-column is-layout-flow wp-block-column-is-layout-flow\">\n<figure class=\"wp-block-embed is-type-video is-provider-youtube wp-block-embed-youtube wp-embed-aspect-16-9 wp-has-aspect-ratio\"><div class=\"wp-block-embed__wrapper\">\n<iframe loading=\"lazy\" title=\"De vuelta a la f\u00e1brica de chocolate\" width=\"500\" height=\"281\" src=\"https:\/\/www.youtube.com\/embed\/skXLNKD-vcs?feature=oembed\" frameborder=\"0\" allow=\"accelerometer; autoplay; clipboard-write; encrypted-media; gyroscope; picture-in-picture; web-share\" referrerpolicy=\"strict-origin-when-cross-origin\" allowfullscreen><\/iframe>\n<\/div><\/figure>\n<\/div>\n<\/div>\n<\/div><\/div>\n\n\n\n<p>Esperamos que disfrutes de los videos.<\/p>\n\n\n\n<p>\u00a1Hay m\u00e1s buenas noticias sobre otro env\u00edo de barras de chocolate, esta vez de Panam\u00e1 a Jap\u00f3n, que llegar\u00e1 a finales de esta semana!<\/p>\n\n\n\n<p>\u00a1Mant\u00e9nganse al tanto!<\/p>","protected":false},"excerpt":{"rendered":"<p>La semana pasada fue una semana ocupada y satisfactoria para nuestro equipo de chocolate de caoba en Belice. El jueves, realizamos un lanzamiento de producto en nuestra f\u00e1brica en Punta Gorda, donde presentamos el empaque nuevo y mejorado y la gama ampliada de barras de chocolate belice\u00f1as. Y presentamos Chocol&#039;ha, nuestra bebida de chocolate caliente en polvo, al mercado. Limitado en n\u00fameros debido a<\/p>","protected":false},"author":599,"featured_media":0,"comment_status":"open","ping_status":"open","sticky":false,"template":"","format":"standard","meta":{"_acf_changed":false,"footnotes":""},"categories":[93],"tags":[],"class_list":["post-216688","post","type-post","status-publish","format-standard","hentry","category-operational-update"],"acf":[],"_links":{"self":[{"href":"https:\/\/agronosotros.com\/es\/wp-json\/wp\/v2\/posts\/216688","targetHints":{"allow":["GET"]}}],"collection":[{"href":"https:\/\/agronosotros.com\/es\/wp-json\/wp\/v2\/posts"}],"about":[{"href":"https:\/\/agronosotros.com\/es\/wp-json\/wp\/v2\/types\/post"}],"author":[{"embeddable":true,"href":"https:\/\/agronosotros.com\/es\/wp-json\/wp\/v2\/users\/599"}],"replies":[{"embeddable":true,"href":"https:\/\/agronosotros.com\/es\/wp-json\/wp\/v2\/comments?post=216688"}],"version-history":[{"count":0,"href":"https:\/\/agronosotros.com\/es\/wp-json\/wp\/v2\/posts\/216688\/revisions"}],"wp:attachment":[{"href":"https:\/\/agronosotros.com\/es\/wp-json\/wp\/v2\/media?parent=216688"}],"wp:term":[{"taxonomy":"category","embeddable":true,"href":"https:\/\/agronosotros.com\/es\/wp-json\/wp\/v2\/categories?post=216688"},{"taxonomy":"post_tag","embeddable":true,"href":"https:\/\/agronosotros.com\/es\/wp-json\/wp\/v2\/tags?post=216688"}],"curies":[{"name":"wp","href":"https:\/\/api.w.org\/{rel}","templated":true}]}}